{"id":479,"date":"2024-11-21T20:09:44","date_gmt":"2024-11-21T19:09:44","guid":{"rendered":"https:\/\/www.innospira.fr\/?p=479"},"modified":"2025-03-30T11:36:44","modified_gmt":"2025-03-30T09:36:44","slug":"prendre-du-recul-au-travail-methode-simple","status":"publish","type":"post","link":"https:\/\/www.innospira.fr\/index.php\/2024\/11\/21\/prendre-du-recul-au-travail-methode-simple\/","title":{"rendered":"Prendre du recul au travail avec une m\u00e9thode simple"},"content":{"rendered":"\n<p>Qu\u2019on soit collaborateur ou responsable, prendre du recul est essentiel pour mieux g\u00e9rer ses priorit\u00e9s, r\u00e9duire le stress et <a href=\"https:\/\/www.innospira.fr\/index.php\/2024\/05\/27\/ameliorer-lorganisation-de-sa-journee-de-travail\/\">travailler efficacement<\/a>. Cet article propose une m\u00e9thode applicable \u00e0 tous, avec des conseils adapt\u00e9s pour comprendre ses limites, g\u00e9rer les charges et agir avec s\u00e9r\u00e9nit\u00e9, quelle que soit sa position dans l\u2019\u00e9quipe.<\/p>\n\n\n\n<h2 class=\"wp-block-heading has-large-font-size\">\u00c9tape 1 : Comprendre la charge de travail r\u00e9elle<\/h2>\n\n\n\n<p>Prendre du recul commence par comprendre ce que vous ou votre \u00e9quipe pouvez raisonnablement accomplir dans un temps donn\u00e9.<\/p>\n\n\n\n<figure class=\"wp-block-image aligncenter size-full\"><img loading=\"lazy\" decoding=\"async\" width=\"500\" height=\"206\" src=\"https:\/\/www.innospira.fr\/wp-content\/uploads\/2024\/11\/etape_1_connaitre_limite-e1732171036300.png\" alt=\"Connaitre la limite de travail \u00e0 absorber\" class=\"wp-image-482\" srcset=\"https:\/\/www.innospira.fr\/wp-content\/uploads\/2024\/11\/etape_1_connaitre_limite-e1732171036300.png 500w, https:\/\/www.innospira.fr\/wp-content\/uploads\/2024\/11\/etape_1_connaitre_limite-e1732171036300-300x124.png 300w\" sizes=\"auto, (max-width: 500px) 100vw, 500px\" \/><\/figure>\n\n\n\n<ul style=\"border-radius:20px;padding-top:var(--wp--preset--spacing--50);padding-right:var(--wp--preset--spacing--50);padding-bottom:var(--wp--preset--spacing--50);padding-left:var(--wp--preset--spacing--50)\" class=\"wp-block-list has-black-color has-ast-global-color-0-background-color has-text-color has-background has-link-color has-large-font-size wp-elements-96f8c0e57e91bb5aab5d6dcb727f0540\">\n<li class=\"has-small-font-size\"><strong>\u00c9valuer sa propre capacit\u00e9 :<\/strong><br>Demandez-vous : <em>\u00ab\u00a0Combien de t\u00e2ches ou de dossiers puis-je traiter par jour ou par semaine ?\u00a0\u00bb<\/em>. M\u00eame si certaines t\u00e2ches varient, une estimation moyenne suffit pour avoir une id\u00e9e de votre capacit\u00e9 r\u00e9elle.<\/li>\n<\/ul>\n\n\n\n<p>En tant que responsable \/ team lead, on va raisonner avec une vue d&rsquo;ensemble. <\/p>\n\n\n\n<ul style=\"border-radius:20px;padding-top:var(--wp--preset--spacing--50);padding-right:var(--wp--preset--spacing--50);padding-bottom:var(--wp--preset--spacing--50);padding-left:var(--wp--preset--spacing--50)\" class=\"wp-block-list has-black-color has-pale-cyan-blue-background-color has-text-color has-background has-link-color wp-elements-1f0407e2da6169af9e6b8047f90e431f\">\n<li class=\"has-small-font-size\"><strong>Estimer la capacit\u00e9 collective (si vous \u00eates responsable) :<\/strong><br>Si vous g\u00e9rez une \u00e9quipe, multipliez les capacit\u00e9s individuelles par le nombre de collaborateurs.<br><em>Exemple :<\/em> Si chaque personne peut traiter entre 20 et 30 dossiers par jour, une \u00e9quipe de 5 personnes pourra g\u00e9rer 100 \u00e0 150 dossiers par jour.<\/li>\n<\/ul>\n\n\n\n<p><strong>R\u00e9sultat attendu :<\/strong> Vous (et votre \u00e9quipe) avez une vision claire de ce qui peut \u00eatre absorb\u00e9 sans surcharge \u2705.<\/p>\n\n\n\n<h2 class=\"wp-block-heading has-large-font-size\">\u00c9tape 2 : Piloter la charge de travail pour mieux prendre du recul<\/h2>\n\n\n\n<p>Une fois la capacit\u00e9 connue, l\u2019objectif est de piloter la charge de travail de mani\u00e8re proactive.<\/p>\n\n\n\n<figure class=\"wp-block-image aligncenter size-full\"><img loading=\"lazy\" decoding=\"async\" width=\"500\" height=\"206\" src=\"https:\/\/www.innospira.fr\/wp-content\/uploads\/2024\/11\/etape_2_piloter_charge-e1732171019148.png\" alt=\"Piloter la charge de travail pour mieux prendre du recul\" class=\"wp-image-483\" srcset=\"https:\/\/www.innospira.fr\/wp-content\/uploads\/2024\/11\/etape_2_piloter_charge-e1732171019148.png 500w, https:\/\/www.innospira.fr\/wp-content\/uploads\/2024\/11\/etape_2_piloter_charge-e1732171019148-300x124.png 300w\" sizes=\"auto, (max-width: 500px) 100vw, 500px\" \/><\/figure>\n\n\n\n<h4 class=\"wp-block-heading\">Si vous \u00eates collaborateur :<\/h4>\n\n\n\n<ul style=\"border-radius:20px;padding-top:var(--wp--preset--spacing--50);padding-right:var(--wp--preset--spacing--50);padding-bottom:var(--wp--preset--spacing--50);padding-left:var(--wp--preset--spacing--50)\" class=\"wp-block-list has-black-color has-ast-global-color-0-background-color has-text-color has-background has-link-color has-large-font-size wp-elements-fb49bf9cde0c1bfbb87fba73b0c24e4f\">\n<li class=\"has-small-font-size\"><strong>Priorisez vos t\u00e2ches :<\/strong> Classez-les par urgence et importance pour vous concentrer sur ce qui compte le plus. Utilisez des outils comme la matrice d\u2019Eisenhower (Urgent\/Important).<\/li>\n\n\n\n<li class=\"has-small-font-size\"><strong>Identifiez vos limites :<\/strong> Si la charge devient excessive, communiquez rapidement avec votre manager. Une phrase simple peut suffire :<em>\u00ab\u00a0Je constate que je ne pourrai pas terminer ces t\u00e2ches d\u2019ici la fin de la semaine. Pouvons-nous discuter des priorit\u00e9s ?\u00a0\u00bb<\/em><\/li>\n<\/ul>\n\n\n\n<h4 class=\"wp-block-heading\">Si vous \u00eates responsable :<\/h4>\n\n\n\n<ul style=\"border-radius:20px;padding-top:var(--wp--preset--spacing--50);padding-right:var(--wp--preset--spacing--50);padding-bottom:var(--wp--preset--spacing--50);padding-left:var(--wp--preset--spacing--50)\" class=\"wp-block-list has-black-color has-pale-cyan-blue-background-color has-text-color has-background has-link-color wp-elements-51e12a185b67a659c67e6e52c4416641\">\n<li class=\"has-small-font-size\"><strong>Analysez la charge globale :<\/strong> Comparez la capacit\u00e9 de l\u2019\u00e9quipe avec le volume de travail.<\/li>\n\n\n\n<li class=\"has-small-font-size\"><strong>Prenez des d\u00e9cisions strat\u00e9giques :<\/strong>\n<ul class=\"wp-block-list\">\n<li>Si la charge est inf\u00e9rieure \u00e0 la capacit\u00e9 : encouragez des activit\u00e9s annexes (am\u00e9lioration continue, formation).<\/li>\n\n\n\n<li>Si la charge est excessive : d\u00e9clenchez une alerte pour ajuster les priorit\u00e9s ou mobiliser des ressources suppl\u00e9mentaires.<\/li>\n<\/ul>\n<\/li>\n<\/ul>\n\n\n\n<h2 class=\"wp-block-heading has-large-font-size\">\u00c9tape 3 : G\u00e9rer les alertes efficacement<\/h2>\n\n\n\n<p>Que vous soyez collaborateur ou responsable, une surcharge n\u00e9cessite une r\u00e9action rapide :<\/p>\n\n\n\n<h4 class=\"wp-block-heading\">En tant que collaborateur :<\/h4>\n\n\n\n<ol style=\"border-radius:20px;padding-top:var(--wp--preset--spacing--50);padding-right:var(--wp--preset--spacing--50);padding-bottom:var(--wp--preset--spacing--50);padding-left:var(--wp--preset--spacing--50)\" class=\"wp-block-list has-black-color has-ast-global-color-0-background-color has-text-color has-background has-link-color has-large-font-size wp-elements-5ff900a20bbc304d7babc57017488bc0\">\n<li class=\"has-small-font-size\"><strong>Communiquez en amont :<\/strong><br>Signalez la surcharge \u00e0 votre responsable d\u00e8s que vous l\u2019identifiez. Soyez factuel et proposez des solutions :<em>\u00ab\u00a0J\u2019ai trop de t\u00e2ches pour cette semaine, mais je peux d\u00e9caler X au lundi prochain ou demander de l\u2019aide pour Y.\u00a0\u00bb<\/em><\/li>\n\n\n\n<li class=\"has-small-font-size\"><strong>Distinguez l\u2019essentiel du secondaire :<\/strong><br>Si votre manager ne fixe pas de priorit\u00e9s, faites une proposition en fonction de vos observations.<\/li>\n<\/ol>\n\n\n\n<h4 class=\"wp-block-heading\">En tant que responsable :<\/h4>\n\n\n\n<ol style=\"border-radius:20px;padding-top:var(--wp--preset--spacing--50);padding-right:var(--wp--preset--spacing--50);padding-bottom:var(--wp--preset--spacing--50);padding-left:var(--wp--preset--spacing--50)\" class=\"wp-block-list has-black-color has-pale-cyan-blue-background-color has-text-color has-background has-link-color wp-elements-076963027d4f81f42e6f7429dfc86034\">\n<li class=\"has-small-font-size\"><strong>Informez votre hi\u00e9rarchie r\u00e9guli\u00e8rement :<\/strong><br>Faites un point clair avec des donn\u00e9es chiffr\u00e9es :<em>\u00ab\u00a0Nous avons X % de demandes en plus par rapport \u00e0 la capacit\u00e9, ce qui risque de g\u00e9n\u00e9rer un retard.\u00a0\u00bb<\/em><\/li>\n\n\n\n<li class=\"has-small-font-size\"><strong>Proposez des actions concr\u00e8tes :<\/strong>\n<ul class=\"wp-block-list\">\n<li>R\u00e9allouer des t\u00e2ches \u00e0 une autre \u00e9quipe.<\/li>\n\n\n\n<li>Planifier des heures suppl\u00e9mentaires ou demander un renfort temporaire.<\/li>\n\n\n\n<li>D\u00e9prioriser certaines missions en collaboration avec la hi\u00e9rarchie.<\/li>\n<\/ul>\n<\/li>\n<\/ol>\n\n\n\n<figure class=\"wp-block-image aligncenter size-full\"><img loading=\"lazy\" decoding=\"async\" width=\"500\" height=\"213\" src=\"https:\/\/www.innospira.fr\/wp-content\/uploads\/2024\/11\/etape_3_signaler_surcharge-e1732171377561.png\" alt=\"Signalez la surcharge, lib\u00e9rez votre charge (mentale)\" class=\"wp-image-484\" srcset=\"https:\/\/www.innospira.fr\/wp-content\/uploads\/2024\/11\/etape_3_signaler_surcharge-e1732171377561.png 500w, https:\/\/www.innospira.fr\/wp-content\/uploads\/2024\/11\/etape_3_signaler_surcharge-e1732171377561-300x128.png 300w\" sizes=\"auto, (max-width: 500px) 100vw, 500px\" \/><figcaption class=\"wp-element-caption\">Signalez la surcharge pour lib\u00e9rer votre charge mentale<\/figcaption><\/figure>\n\n\n\n<p> <strong>Cl\u00e9 de succ\u00e8s :<\/strong> Que vous soyez collaborateur ou responsable, l\u2019important est de signaler les probl\u00e8mes t\u00f4t et d\u2019\u00eatre force de proposition \u2705.<\/p>\n\n\n\n<h2 class=\"wp-block-heading has-large-font-size\">\u00c9tape 4 : Impliquer toutes les parties prenantes<\/h2>\n\n\n\n<p>Une gestion collective est souvent plus efficace. Voici comment collaborer pour r\u00e9soudre les surcharges :<\/p>\n\n\n\n<ul style=\"border-radius:20px;padding-top:var(--wp--preset--spacing--50);padding-right:var(--wp--preset--spacing--50);padding-bottom:var(--wp--preset--spacing--50);padding-left:var(--wp--preset--spacing--50)\" class=\"wp-block-list has-black-color has-ast-global-color-0-background-color has-text-color has-background has-link-color has-large-font-size wp-elements-c7857e2affc07b64338d01bf94cec4fd\">\n<li class=\"has-small-font-size\"><strong>Pour les collaborateurs :<\/strong>\n<ul class=\"wp-block-list\">\n<li>Soyez transparents avec vos coll\u00e8gues sur vos contraintes. Une entraide temporaire peut \u00eatre b\u00e9n\u00e9fique \u00e0 tous.<\/li>\n\n\n\n<li>Partagez vos id\u00e9es d\u2019am\u00e9lioration : vous \u00eates souvent les mieux plac\u00e9s pour rep\u00e9rer les inefficacit\u00e9s dans les processus.<\/li>\n<\/ul>\n<\/li>\n<\/ul>\n\n\n\n<ul style=\"border-radius:20px;padding-top:var(--wp--preset--spacing--50);padding-right:var(--wp--preset--spacing--50);padding-bottom:var(--wp--preset--spacing--50);padding-left:var(--wp--preset--spacing--50)\" class=\"wp-block-list has-black-color has-pale-cyan-blue-background-color has-text-color has-background has-link-color wp-elements-026409adb6238563afbaada97c6afdb7\">\n<li class=\"has-small-font-size\"><strong>Pour les responsables :<\/strong>\n<ul class=\"wp-block-list\">\n<li>Favorisez un dialogue ouvert : invitez votre \u00e9quipe \u00e0 partager ses difficult\u00e9s ou id\u00e9es lors de r\u00e9unions r\u00e9guli\u00e8res.<\/li>\n\n\n\n<li>Mettez en place des outils de suivi simples et collaboratifs, comme un tableau Trello ou un tableur partag\u00e9, pour une visibilit\u00e9 claire sur les priorit\u00e9s.<\/li>\n<\/ul>\n<\/li>\n<\/ul>\n\n\n\n<h2 class=\"wp-block-heading has-large-font-size\">\u00c9tape 5 : Pr\u00e9server la sant\u00e9 mentale<\/h2>\n\n\n\n<figure class=\"wp-block-image aligncenter size-full\"><img loading=\"lazy\" decoding=\"async\" width=\"500\" height=\"195\" src=\"https:\/\/www.innospira.fr\/wp-content\/uploads\/2024\/11\/etape_5_preservez_sante-e1732173073930.png\" alt=\"Prendre du recul, pr\u00e9server sa sant\u00e9\" class=\"wp-image-485\" srcset=\"https:\/\/www.innospira.fr\/wp-content\/uploads\/2024\/11\/etape_5_preservez_sante-e1732173073930.png 500w, https:\/\/www.innospira.fr\/wp-content\/uploads\/2024\/11\/etape_5_preservez_sante-e1732173073930-300x117.png 300w\" sizes=\"auto, (max-width: 500px) 100vw, 500px\" \/><\/figure>\n\n\n\n<p>Le stress li\u00e9 \u00e0 une surcharge r\u00e9p\u00e9t\u00e9e peut affecter tout le monde. Voici des actions \u00e0 adopter :<\/p>\n\n\n\n<ul class=\"wp-block-list\">\n<li>\ud83c\udf75 <strong>Prendre des pauses r\u00e9guli\u00e8res :<\/strong> La productivit\u00e9 chute lorsqu\u2019on travaille sans interruption. Encouragez les moments de d\u00e9connexion.<\/li>\n\n\n\n<li>\ud83d\udcc5 <strong>Adopter une posture de recul :<\/strong> Bloquez des cr\u00e9neaux pour analyser vos t\u00e2ches ou celles de l\u2019\u00e9quipe. Cela aide \u00e0 identifier des solutions au lieu de rester dans l\u2019urgence.<\/li>\n\n\n\n<li>\u2049\ufe0f <strong>Demander de l\u2019aide :<\/strong> Accepter ses limites n\u2019est pas une faiblesse, mais une force.<\/li>\n<\/ul>\n\n\n\n<p><a href=\"https:\/\/www.innospira.fr\/index.php\/2024\/05\/27\/ameliorer-lorganisation-de-sa-journee-de-travail\/\">Am\u00e9liorer l&rsquo;organisation<\/a> de votre journ\u00e9e de travail peut grandement vous aider. Une \u00e9quipe en bonne sant\u00e9 mentale est plus performante \u00e0 long terme \u2705.<\/p>\n\n\n\n<h2 class=\"wp-block-heading has-large-font-size\">Une m\u00e9thode applicable \u00e0 tous<\/h2>\n\n\n\n<p>Prendre du recul, c\u2019est accepter que tout ne pourra pas \u00eatre fait et se concentrer sur l\u2019essentiel. Que vous soyez collaborateur ou responsable, cette m\u00e9thode vous aide \u00e0 :<\/p>\n\n\n\n<ul class=\"wp-block-list\">\n<li>\ud83d\udcca Piloter la charge de travail avec m\u00e9thode.<\/li>\n\n\n\n<li>\ud83d\udcac Communiquer efficacement sur les contraintes.<\/li>\n\n\n\n<li>\ud83e\uddd8\u200d\u2642\ufe0f Maintenir une s\u00e9r\u00e9nit\u00e9 face aux d\u00e9fis.<\/li>\n<\/ul>\n\n\n\n<p>Vous pouvez consulter <a href=\"https:\/\/www.cadremploi.fr\/editorial\/conseils\/conseils-carriere\/detail\/article\/comment-lacher-prise-au-travail.html\">cet article<\/a> pour avoir d&rsquo;autres conseils sur l\u00e2cher prise au travail.<\/p>\n\n\n\n<p><\/p>\n","protected":false},"excerpt":{"rendered":"<p>Qu\u2019on soit collaborateur ou responsable, prendre du recul est essentiel pour mieux g\u00e9rer ses priorit\u00e9s, r\u00e9duire le stress et travailler [&hellip;]<\/p>\n","protected":false},"author":1,"featured_media":487,"comment_status":"open","ping_status":"closed","sticky":false,"template":"","format":"standard","meta":{"_uag_custom_page_level_css":"","site-sidebar-layout":"default","site-content-layout":"","ast-site-content-layout":"default","site-content-style":"default","site-sidebar-style":"default","ast-global-header-display":"","ast-banner-title-visibility":"","ast-main-header-display":"","ast-hfb-above-header-display":"","ast-hfb-below-header-display":"","ast-hfb-mobile-header-display":"","site-post-title":"","ast-breadcrumbs-content":"","ast-featured-img":"","footer-sml-layout":"","ast-disable-related-posts":"","theme-transparent-header-meta":"","adv-header-id-meta":"","stick-header-meta":"","header-above-stick-meta":"","header-main-stick-meta":"","header-below-stick-meta":"","astra-migrate-meta-layouts":"default","ast-page-background-enabled":"default","ast-page-background-meta":{"desktop":{"background-color":"var(--ast-global-color-4)","background-image":"","background-repeat":"repeat","background-position":"center center","background-size":"auto","background-attachment":"scroll","background-type":"","background-media":"","overlay-type":"","overlay-color":"","overlay-opacity":"","overlay-gradient":""},"tablet":{"background-color":"","background-image":"","background-repeat":"repeat","background-position":"center center","background-size":"auto","background-attachment":"scroll","background-type":"","background-media":"","overlay-type":"","overlay-color":"","overlay-opacity":"","overlay-gradient":""},"mobile":{"background-color":"","background-image":"","background-repeat":"repeat","background-position":"center center","background-size":"auto","background-attachment":"scroll","background-type":"","background-media":"","overlay-type":"","overlay-color":"","overlay-opacity":"","overlay-gradient":""}},"ast-content-background-meta":{"desktop":{"background-color":"var(--ast-global-color-5)","background-image":"","background-repeat":"repeat","background-position":"center center","background-size":"auto","background-attachment":"scroll","background-type":"","background-media":"","overlay-type":"","overlay-color":"","overlay-opacity":"","overlay-gradient":""},"tablet":{"background-color":"var(--ast-global-color-5)","background-image":"","background-repeat":"repeat","background-position":"center center","background-size":"auto","background-attachment":"scroll","background-type":"","background-media":"","overlay-type":"","overlay-color":"","overlay-opacity":"","overlay-gradient":""},"mobile":{"background-color":"var(--ast-global-color-5)","background-image":"","background-repeat":"repeat","background-position":"center center","background-size":"auto","background-attachment":"scroll","background-type":"","background-media":"","overlay-type":"","overlay-color":"","overlay-opacity":"","overlay-gradient":""}},"linkedin_posted":true,"linkedin_posted_date":"2025-10-25 23:51:39","footnotes":""},"categories":[27],"tags":[11,18],"class_list":["post-479","post","type-post","status-publish","format-standard","has-post-thumbnail","hentry","category-productivite","tag-methode","tag-travail"],"yoast_head":"<!-- This site is optimized with the Yoast SEO plugin v27.5 - https:\/\/yoast.com\/product\/yoast-seo-wordpress\/ -->\n<title>Prendre du recul au travail avec une m\u00e9thode simple<\/title>\n<meta name=\"description\" content=\"Apprenez \u00e0 prendre du recul au travail, g\u00e9rer la charge efficacement et r\u00e9duire le stress (collaborateur ou responsable d&#039;\u00e9quipe) ! \ud83d\udc4d\" \/>\n<meta name=\"robots\" content=\"index, follow, max-snippet:-1, max-image-preview:large, max-video-preview:-1\" \/>\n<link rel=\"canonical\" href=\"https:\/\/www.innospira.fr\/index.php\/2024\/11\/21\/prendre-du-recul-au-travail-methode-simple\/\" \/>\n<meta property=\"og:locale\" content=\"fr_FR\" \/>\n<meta property=\"og:type\" content=\"article\" \/>\n<meta property=\"og:title\" content=\"Prendre du recul au travail avec une m\u00e9thode simple\" \/>\n<meta property=\"og:description\" content=\"Apprenez \u00e0 prendre du recul au travail, g\u00e9rer la charge efficacement et r\u00e9duire le stress (collaborateur ou responsable d&#039;\u00e9quipe) ! \ud83d\udc4d\" \/>\n<meta property=\"og:url\" content=\"https:\/\/www.innospira.fr\/index.php\/2024\/11\/21\/prendre-du-recul-au-travail-methode-simple\/\" \/>\n<meta property=\"og:site_name\" content=\"InnoSpira\" \/>\n<meta property=\"article:published_time\" content=\"2024-11-21T19:09:44+00:00\" \/>\n<meta property=\"article:modified_time\" content=\"2025-03-30T09:36:44+00:00\" \/>\n<meta property=\"og:image\" content=\"https:\/\/www.innospira.fr\/wp-content\/uploads\/2024\/11\/Prendre-du-recul.png\" \/>\n\t<meta property=\"og:image:width\" content=\"1280\" \/>\n\t<meta property=\"og:image:height\" content=\"720\" \/>\n\t<meta property=\"og:image:type\" content=\"image\/png\" \/>\n<meta name=\"author\" content=\"J\u00e9r\u00e9mie\" \/>\n<meta name=\"twitter:card\" content=\"summary_large_image\" \/>\n<meta name=\"twitter:label1\" content=\"\u00c9crit par\" \/>\n\t<meta name=\"twitter:data1\" content=\"J\u00e9r\u00e9mie\" \/>\n\t<meta name=\"twitter:label2\" content=\"Dur\u00e9e de lecture estim\u00e9e\" \/>\n\t<meta name=\"twitter:data2\" content=\"6 minutes\" \/>\n<script type=\"application\/ld+json\" class=\"yoast-schema-graph\">{\"@context\":\"https:\\\/\\\/schema.org\",\"@graph\":[{\"@type\":\"NewsArticle\",\"@id\":\"https:\\\/\\\/www.innospira.fr\\\/index.php\\\/2024\\\/11\\\/21\\\/prendre-du-recul-au-travail-methode-simple\\\/#article\",\"isPartOf\":{\"@id\":\"https:\\\/\\\/www.innospira.fr\\\/index.php\\\/2024\\\/11\\\/21\\\/prendre-du-recul-au-travail-methode-simple\\\/\"},\"author\":{\"name\":\"J\u00e9r\u00e9mie\",\"@id\":\"https:\\\/\\\/www.innospira.fr\\\/#\\\/schema\\\/person\\\/9df0acbd7573e147b4ffc81c2fa32662\"},\"headline\":\"Prendre du recul au travail avec une m\u00e9thode simple\",\"datePublished\":\"2024-11-21T19:09:44+00:00\",\"dateModified\":\"2025-03-30T09:36:44+00:00\",\"mainEntityOfPage\":{\"@id\":\"https:\\\/\\\/www.innospira.fr\\\/index.php\\\/2024\\\/11\\\/21\\\/prendre-du-recul-au-travail-methode-simple\\\/\"},\"wordCount\":882,\"commentCount\":0,\"publisher\":{\"@id\":\"https:\\\/\\\/www.innospira.fr\\\/#organization\"},\"image\":{\"@id\":\"https:\\\/\\\/www.innospira.fr\\\/index.php\\\/2024\\\/11\\\/21\\\/prendre-du-recul-au-travail-methode-simple\\\/#primaryimage\"},\"thumbnailUrl\":\"https:\\\/\\\/www.innospira.fr\\\/wp-content\\\/uploads\\\/2024\\\/11\\\/Prendre-du-recul.png\",\"keywords\":[\"m\u00e9thode\",\"travail\"],\"articleSection\":[\"Productivit\u00e9\"],\"inLanguage\":\"fr-FR\",\"potentialAction\":[{\"@type\":\"CommentAction\",\"name\":\"Comment\",\"target\":[\"https:\\\/\\\/www.innospira.fr\\\/index.php\\\/2024\\\/11\\\/21\\\/prendre-du-recul-au-travail-methode-simple\\\/#respond\"]}]},{\"@type\":\"WebPage\",\"@id\":\"https:\\\/\\\/www.innospira.fr\\\/index.php\\\/2024\\\/11\\\/21\\\/prendre-du-recul-au-travail-methode-simple\\\/\",\"url\":\"https:\\\/\\\/www.innospira.fr\\\/index.php\\\/2024\\\/11\\\/21\\\/prendre-du-recul-au-travail-methode-simple\\\/\",\"name\":\"Prendre du recul au travail avec une m\u00e9thode simple\",\"isPartOf\":{\"@id\":\"https:\\\/\\\/www.innospira.fr\\\/#website\"},\"primaryImageOfPage\":{\"@id\":\"https:\\\/\\\/www.innospira.fr\\\/index.php\\\/2024\\\/11\\\/21\\\/prendre-du-recul-au-travail-methode-simple\\\/#primaryimage\"},\"image\":{\"@id\":\"https:\\\/\\\/www.innospira.fr\\\/index.php\\\/2024\\\/11\\\/21\\\/prendre-du-recul-au-travail-methode-simple\\\/#primaryimage\"},\"thumbnailUrl\":\"https:\\\/\\\/www.innospira.fr\\\/wp-content\\\/uploads\\\/2024\\\/11\\\/Prendre-du-recul.png\",\"datePublished\":\"2024-11-21T19:09:44+00:00\",\"dateModified\":\"2025-03-30T09:36:44+00:00\",\"description\":\"Apprenez \u00e0 prendre du recul au travail, g\u00e9rer la charge efficacement et r\u00e9duire le stress (collaborateur ou responsable d'\u00e9quipe) ! \ud83d\udc4d\",\"breadcrumb\":{\"@id\":\"https:\\\/\\\/www.innospira.fr\\\/index.php\\\/2024\\\/11\\\/21\\\/prendre-du-recul-au-travail-methode-simple\\\/#breadcrumb\"},\"inLanguage\":\"fr-FR\",\"potentialAction\":[{\"@type\":\"ReadAction\",\"target\":[\"https:\\\/\\\/www.innospira.fr\\\/index.php\\\/2024\\\/11\\\/21\\\/prendre-du-recul-au-travail-methode-simple\\\/\"]}]},{\"@type\":\"ImageObject\",\"inLanguage\":\"fr-FR\",\"@id\":\"https:\\\/\\\/www.innospira.fr\\\/index.php\\\/2024\\\/11\\\/21\\\/prendre-du-recul-au-travail-methode-simple\\\/#primaryimage\",\"url\":\"https:\\\/\\\/www.innospira.fr\\\/wp-content\\\/uploads\\\/2024\\\/11\\\/Prendre-du-recul.png\",\"contentUrl\":\"https:\\\/\\\/www.innospira.fr\\\/wp-content\\\/uploads\\\/2024\\\/11\\\/Prendre-du-recul.png\",\"width\":1280,\"height\":720,\"caption\":\"prendre du recul au travail\"},{\"@type\":\"BreadcrumbList\",\"@id\":\"https:\\\/\\\/www.innospira.fr\\\/index.php\\\/2024\\\/11\\\/21\\\/prendre-du-recul-au-travail-methode-simple\\\/#breadcrumb\",\"itemListElement\":[{\"@type\":\"ListItem\",\"position\":1,\"name\":\"Accueil\",\"item\":\"https:\\\/\\\/www.innospira.fr\\\/\"},{\"@type\":\"ListItem\",\"position\":2,\"name\":\"Prendre du recul au travail avec une m\u00e9thode simple\"}]},{\"@type\":\"WebSite\",\"@id\":\"https:\\\/\\\/www.innospira.fr\\\/#website\",\"url\":\"https:\\\/\\\/www.innospira.fr\\\/\",\"name\":\"InnoSpira\",\"description\":\"D\u00e9veloppez votre activit\u00e9, innovez !\",\"publisher\":{\"@id\":\"https:\\\/\\\/www.innospira.fr\\\/#organization\"},\"potentialAction\":[{\"@type\":\"SearchAction\",\"target\":{\"@type\":\"EntryPoint\",\"urlTemplate\":\"https:\\\/\\\/www.innospira.fr\\\/?s={search_term_string}\"},\"query-input\":{\"@type\":\"PropertyValueSpecification\",\"valueRequired\":true,\"valueName\":\"search_term_string\"}}],\"inLanguage\":\"fr-FR\"},{\"@type\":\"Organization\",\"@id\":\"https:\\\/\\\/www.innospira.fr\\\/#organization\",\"name\":\"InnoSpira\",\"url\":\"https:\\\/\\\/www.innospira.fr\\\/\",\"logo\":{\"@type\":\"ImageObject\",\"inLanguage\":\"fr-FR\",\"@id\":\"https:\\\/\\\/www.innospira.fr\\\/#\\\/schema\\\/logo\\\/image\\\/\",\"url\":\"https:\\\/\\\/www.innospira.fr\\\/wp-content\\\/uploads\\\/2024\\\/10\\\/cropped-innospira_mini.png\",\"contentUrl\":\"https:\\\/\\\/www.innospira.fr\\\/wp-content\\\/uploads\\\/2024\\\/10\\\/cropped-innospira_mini.png\",\"width\":634,\"height\":211,\"caption\":\"InnoSpira\"},\"image\":{\"@id\":\"https:\\\/\\\/www.innospira.fr\\\/#\\\/schema\\\/logo\\\/image\\\/\"},\"sameAs\":[\"https:\\\/\\\/youtube.com\\\/@innospira\",\"https:\\\/\\\/www.tiktok.com\\\/@innospira\"]},{\"@type\":\"Person\",\"@id\":\"https:\\\/\\\/www.innospira.fr\\\/#\\\/schema\\\/person\\\/9df0acbd7573e147b4ffc81c2fa32662\",\"name\":\"J\u00e9r\u00e9mie\",\"image\":{\"@type\":\"ImageObject\",\"inLanguage\":\"fr-FR\",\"@id\":\"https:\\\/\\\/secure.gravatar.com\\\/avatar\\\/79bb7d75560df4f10cfac00fb18946028e219cf4d7f9cd8e684a91135bf7c8cb?s=96&d=mm&r=g\",\"url\":\"https:\\\/\\\/secure.gravatar.com\\\/avatar\\\/79bb7d75560df4f10cfac00fb18946028e219cf4d7f9cd8e684a91135bf7c8cb?s=96&d=mm&r=g\",\"contentUrl\":\"https:\\\/\\\/secure.gravatar.com\\\/avatar\\\/79bb7d75560df4f10cfac00fb18946028e219cf4d7f9cd8e684a91135bf7c8cb?s=96&d=mm&r=g\",\"caption\":\"J\u00e9r\u00e9mie\"},\"sameAs\":[\"http:\\\/\\\/www.innospira.fr\"],\"url\":\"https:\\\/\\\/www.innospira.fr\\\/index.php\\\/author\\\/nazario\\\/\"}]}<\/script>\n<!-- \/ Yoast SEO plugin. -->","yoast_head_json":{"title":"Prendre du recul au travail avec une m\u00e9thode simple","description":"Apprenez \u00e0 prendre du recul au travail, g\u00e9rer la charge efficacement et r\u00e9duire le stress (collaborateur ou responsable d'\u00e9quipe) ! \ud83d\udc4d","robots":{"index":"index","follow":"follow","max-snippet":"max-snippet:-1","max-image-preview":"max-image-preview:large","max-video-preview":"max-video-preview:-1"},"canonical":"https:\/\/www.innospira.fr\/index.php\/2024\/11\/21\/prendre-du-recul-au-travail-methode-simple\/","og_locale":"fr_FR","og_type":"article","og_title":"Prendre du recul au travail avec une m\u00e9thode simple","og_description":"Apprenez \u00e0 prendre du recul au travail, g\u00e9rer la charge efficacement et r\u00e9duire le stress (collaborateur ou responsable d'\u00e9quipe) ! \ud83d\udc4d","og_url":"https:\/\/www.innospira.fr\/index.php\/2024\/11\/21\/prendre-du-recul-au-travail-methode-simple\/","og_site_name":"InnoSpira","article_published_time":"2024-11-21T19:09:44+00:00","article_modified_time":"2025-03-30T09:36:44+00:00","og_image":[{"width":1280,"height":720,"url":"https:\/\/www.innospira.fr\/wp-content\/uploads\/2024\/11\/Prendre-du-recul.png","type":"image\/png"}],"author":"J\u00e9r\u00e9mie","twitter_card":"summary_large_image","twitter_misc":{"\u00c9crit par":"J\u00e9r\u00e9mie","Dur\u00e9e de lecture estim\u00e9e":"6 minutes"},"schema":{"@context":"https:\/\/schema.org","@graph":[{"@type":"NewsArticle","@id":"https:\/\/www.innospira.fr\/index.php\/2024\/11\/21\/prendre-du-recul-au-travail-methode-simple\/#article","isPartOf":{"@id":"https:\/\/www.innospira.fr\/index.php\/2024\/11\/21\/prendre-du-recul-au-travail-methode-simple\/"},"author":{"name":"J\u00e9r\u00e9mie","@id":"https:\/\/www.innospira.fr\/#\/schema\/person\/9df0acbd7573e147b4ffc81c2fa32662"},"headline":"Prendre du recul au travail avec une m\u00e9thode simple","datePublished":"2024-11-21T19:09:44+00:00","dateModified":"2025-03-30T09:36:44+00:00","mainEntityOfPage":{"@id":"https:\/\/www.innospira.fr\/index.php\/2024\/11\/21\/prendre-du-recul-au-travail-methode-simple\/"},"wordCount":882,"commentCount":0,"publisher":{"@id":"https:\/\/www.innospira.fr\/#organization"},"image":{"@id":"https:\/\/www.innospira.fr\/index.php\/2024\/11\/21\/prendre-du-recul-au-travail-methode-simple\/#primaryimage"},"thumbnailUrl":"https:\/\/www.innospira.fr\/wp-content\/uploads\/2024\/11\/Prendre-du-recul.png","keywords":["m\u00e9thode","travail"],"articleSection":["Productivit\u00e9"],"inLanguage":"fr-FR","potentialAction":[{"@type":"CommentAction","name":"Comment","target":["https:\/\/www.innospira.fr\/index.php\/2024\/11\/21\/prendre-du-recul-au-travail-methode-simple\/#respond"]}]},{"@type":"WebPage","@id":"https:\/\/www.innospira.fr\/index.php\/2024\/11\/21\/prendre-du-recul-au-travail-methode-simple\/","url":"https:\/\/www.innospira.fr\/index.php\/2024\/11\/21\/prendre-du-recul-au-travail-methode-simple\/","name":"Prendre du recul au travail avec une m\u00e9thode simple","isPartOf":{"@id":"https:\/\/www.innospira.fr\/#website"},"primaryImageOfPage":{"@id":"https:\/\/www.innospira.fr\/index.php\/2024\/11\/21\/prendre-du-recul-au-travail-methode-simple\/#primaryimage"},"image":{"@id":"https:\/\/www.innospira.fr\/index.php\/2024\/11\/21\/prendre-du-recul-au-travail-methode-simple\/#primaryimage"},"thumbnailUrl":"https:\/\/www.innospira.fr\/wp-content\/uploads\/2024\/11\/Prendre-du-recul.png","datePublished":"2024-11-21T19:09:44+00:00","dateModified":"2025-03-30T09:36:44+00:00","description":"Apprenez \u00e0 prendre du recul au travail, g\u00e9rer la charge efficacement et r\u00e9duire le stress (collaborateur ou responsable d'\u00e9quipe) ! \ud83d\udc4d","breadcrumb":{"@id":"https:\/\/www.innospira.fr\/index.php\/2024\/11\/21\/prendre-du-recul-au-travail-methode-simple\/#breadcrumb"},"inLanguage":"fr-FR","potentialAction":[{"@type":"ReadAction","target":["https:\/\/www.innospira.fr\/index.php\/2024\/11\/21\/prendre-du-recul-au-travail-methode-simple\/"]}]},{"@type":"ImageObject","inLanguage":"fr-FR","@id":"https:\/\/www.innospira.fr\/index.php\/2024\/11\/21\/prendre-du-recul-au-travail-methode-simple\/#primaryimage","url":"https:\/\/www.innospira.fr\/wp-content\/uploads\/2024\/11\/Prendre-du-recul.png","contentUrl":"https:\/\/www.innospira.fr\/wp-content\/uploads\/2024\/11\/Prendre-du-recul.png","width":1280,"height":720,"caption":"prendre du recul au travail"},{"@type":"BreadcrumbList","@id":"https:\/\/www.innospira.fr\/index.php\/2024\/11\/21\/prendre-du-recul-au-travail-methode-simple\/#breadcrumb","itemListElement":[{"@type":"ListItem","position":1,"name":"Accueil","item":"https:\/\/www.innospira.fr\/"},{"@type":"ListItem","position":2,"name":"Prendre du recul au travail avec une m\u00e9thode simple"}]},{"@type":"WebSite","@id":"https:\/\/www.innospira.fr\/#website","url":"https:\/\/www.innospira.fr\/","name":"InnoSpira","description":"D\u00e9veloppez votre activit\u00e9, innovez !","publisher":{"@id":"https:\/\/www.innospira.fr\/#organization"},"potentialAction":[{"@type":"SearchAction","target":{"@type":"EntryPoint","urlTemplate":"https:\/\/www.innospira.fr\/?s={search_term_string}"},"query-input":{"@type":"PropertyValueSpecification","valueRequired":true,"valueName":"search_term_string"}}],"inLanguage":"fr-FR"},{"@type":"Organization","@id":"https:\/\/www.innospira.fr\/#organization","name":"InnoSpira","url":"https:\/\/www.innospira.fr\/","logo":{"@type":"ImageObject","inLanguage":"fr-FR","@id":"https:\/\/www.innospira.fr\/#\/schema\/logo\/image\/","url":"https:\/\/www.innospira.fr\/wp-content\/uploads\/2024\/10\/cropped-innospira_mini.png","contentUrl":"https:\/\/www.innospira.fr\/wp-content\/uploads\/2024\/10\/cropped-innospira_mini.png","width":634,"height":211,"caption":"InnoSpira"},"image":{"@id":"https:\/\/www.innospira.fr\/#\/schema\/logo\/image\/"},"sameAs":["https:\/\/youtube.com\/@innospira","https:\/\/www.tiktok.com\/@innospira"]},{"@type":"Person","@id":"https:\/\/www.innospira.fr\/#\/schema\/person\/9df0acbd7573e147b4ffc81c2fa32662","name":"J\u00e9r\u00e9mie","image":{"@type":"ImageObject","inLanguage":"fr-FR","@id":"https:\/\/secure.gravatar.com\/avatar\/79bb7d75560df4f10cfac00fb18946028e219cf4d7f9cd8e684a91135bf7c8cb?s=96&d=mm&r=g","url":"https:\/\/secure.gravatar.com\/avatar\/79bb7d75560df4f10cfac00fb18946028e219cf4d7f9cd8e684a91135bf7c8cb?s=96&d=mm&r=g","contentUrl":"https:\/\/secure.gravatar.com\/avatar\/79bb7d75560df4f10cfac00fb18946028e219cf4d7f9cd8e684a91135bf7c8cb?s=96&d=mm&r=g","caption":"J\u00e9r\u00e9mie"},"sameAs":["http:\/\/www.innospira.fr"],"url":"https:\/\/www.innospira.fr\/index.php\/author\/nazario\/"}]}},"uagb_featured_image_src":{"full":["https:\/\/www.innospira.fr\/wp-content\/uploads\/2024\/11\/Prendre-du-recul.png",1280,720,false],"thumbnail":["https:\/\/www.innospira.fr\/wp-content\/uploads\/2024\/11\/Prendre-du-recul-150x150.png",150,150,true],"medium":["https:\/\/www.innospira.fr\/wp-content\/uploads\/2024\/11\/Prendre-du-recul-300x169.png",300,169,true],"medium_large":["https:\/\/www.innospira.fr\/wp-content\/uploads\/2024\/11\/Prendre-du-recul-768x432.png",768,432,true],"large":["https:\/\/www.innospira.fr\/wp-content\/uploads\/2024\/11\/Prendre-du-recul-1024x576.png",1024,576,true],"1536x1536":["https:\/\/www.innospira.fr\/wp-content\/uploads\/2024\/11\/Prendre-du-recul.png",1280,720,false],"2048x2048":["https:\/\/www.innospira.fr\/wp-content\/uploads\/2024\/11\/Prendre-du-recul.png",1280,720,false],"mailpoet_newsletter_max":["https:\/\/www.innospira.fr\/wp-content\/uploads\/2024\/11\/Prendre-du-recul.png",1280,720,false]},"uagb_author_info":{"display_name":"J\u00e9r\u00e9mie","author_link":"https:\/\/www.innospira.fr\/index.php\/author\/nazario\/"},"uagb_comment_info":0,"uagb_excerpt":"Qu\u2019on soit collaborateur ou responsable, prendre du recul est essentiel pour mieux g\u00e9rer ses priorit\u00e9s, r\u00e9duire le stress et travailler [&hellip;]","_links":{"self":[{"href":"https:\/\/www.innospira.fr\/index.php\/wp-json\/wp\/v2\/posts\/479","targetHints":{"allow":["GET"]}}],"collection":[{"href":"https:\/\/www.innospira.fr\/index.php\/wp-json\/wp\/v2\/posts"}],"about":[{"href":"https:\/\/www.innospira.fr\/index.php\/wp-json\/wp\/v2\/types\/post"}],"author":[{"embeddable":true,"href":"https:\/\/www.innospira.fr\/index.php\/wp-json\/wp\/v2\/users\/1"}],"replies":[{"embeddable":true,"href":"https:\/\/www.innospira.fr\/index.php\/wp-json\/wp\/v2\/comments?post=479"}],"version-history":[{"count":7,"href":"https:\/\/www.innospira.fr\/index.php\/wp-json\/wp\/v2\/posts\/479\/revisions"}],"predecessor-version":[{"id":494,"href":"https:\/\/www.innospira.fr\/index.php\/wp-json\/wp\/v2\/posts\/479\/revisions\/494"}],"wp:featuredmedia":[{"embeddable":true,"href":"https:\/\/www.innospira.fr\/index.php\/wp-json\/wp\/v2\/media\/487"}],"wp:attachment":[{"href":"https:\/\/www.innospira.fr\/index.php\/wp-json\/wp\/v2\/media?parent=479"}],"wp:term":[{"taxonomy":"category","embeddable":true,"href":"https:\/\/www.innospira.fr\/index.php\/wp-json\/wp\/v2\/categories?post=479"},{"taxonomy":"post_tag","embeddable":true,"href":"https:\/\/www.innospira.fr\/index.php\/wp-json\/wp\/v2\/tags?post=479"}],"curies":[{"name":"wp","href":"https:\/\/api.w.org\/{rel}","templated":true}]}}