{"id":1015,"date":"2025-06-18T07:05:46","date_gmt":"2025-06-18T05:05:46","guid":{"rendered":"https:\/\/www.innospira.fr\/?p=1015"},"modified":"2025-06-18T07:05:47","modified_gmt":"2025-06-18T05:05:47","slug":"vacances-et-productivite-partir-pour-mieux-revenir","status":"publish","type":"post","link":"https:\/\/www.innospira.fr\/index.php\/2025\/06\/18\/vacances-et-productivite-partir-pour-mieux-revenir\/","title":{"rendered":"Vacances et productivit\u00e9, partir pour mieux revenir"},"content":{"rendered":"\n<p>Et si je te disais que partir en vacances peut am\u00e9liorer ta productivit\u00e9 ? On approche de la p\u00e9riode estivale, et je t&rsquo;invite \u00e0 prendre le temps n\u00e9cessaire pour te reposer, te ressourcer et prendre du recul sur ton activit\u00e9.<\/p>\n\n\n\n<p>Je reviens de 5 jours \u00e0 <a href=\"https:\/\/visitmadeira.com\/fr\/\" target=\"_blank\" rel=\"noreferrer noopener\">Mad\u00e8re<\/a>, o\u00f9 j&rsquo;ai compl\u00e8tement d\u00e9connect\u00e9. Je vais faire le point dans cet article sur les b\u00e9n\u00e9fices concrets des vacances. Pour revenir en pleine forme, physiquement et mentalement.\u263a\ufe0f<\/p>\n\n\n\n<figure data-wp-context=\"{&quot;imageId&quot;:&quot;69f29dc249f45&quot;}\" data-wp-interactive=\"core\/image\" data-wp-key=\"69f29dc249f45\" class=\"wp-block-image aligncenter size-full has-custom-border wp-lightbox-container\"><img loading=\"lazy\" decoding=\"async\" width=\"800\" height=\"447\" data-wp-class--hide=\"state.isContentHidden\" data-wp-class--show=\"state.isContentVisible\" data-wp-init=\"callbacks.setButtonStyles\" data-wp-on--click=\"actions.showLightbox\" data-wp-on--load=\"callbacks.setButtonStyles\" data-wp-on-window--resize=\"callbacks.setButtonStyles\" src=\"https:\/\/www.innospira.fr\/wp-content\/uploads\/2025\/06\/madere_cascade.webp\" alt=\"Une belle cascade \u00e0 Mad\u00e8re\" class=\"wp-image-1019\" style=\"border-radius:10px\" srcset=\"https:\/\/www.innospira.fr\/wp-content\/uploads\/2025\/06\/madere_cascade.webp 800w, https:\/\/www.innospira.fr\/wp-content\/uploads\/2025\/06\/madere_cascade-300x168.webp 300w, https:\/\/www.innospira.fr\/wp-content\/uploads\/2025\/06\/madere_cascade-768x429.webp 768w\" sizes=\"auto, (max-width: 800px) 100vw, 800px\" \/><button\n\t\t\tclass=\"lightbox-trigger\"\n\t\t\ttype=\"button\"\n\t\t\taria-haspopup=\"dialog\"\n\t\t\taria-label=\"Agrandir\"\n\t\t\tdata-wp-init=\"callbacks.initTriggerButton\"\n\t\t\tdata-wp-on--click=\"actions.showLightbox\"\n\t\t\tdata-wp-style--right=\"state.imageButtonRight\"\n\t\t\tdata-wp-style--top=\"state.imageButtonTop\"\n\t\t>\n\t\t\t<svg xmlns=\"http:\/\/www.w3.org\/2000\/svg\" width=\"12\" height=\"12\" fill=\"none\" viewBox=\"0 0 12 12\">\n\t\t\t\t<path fill=\"#fff\" d=\"M2 0a2 2 0 0 0-2 2v2h1.5V2a.5.5 0 0 1 .5-.5h2V0H2Zm2 10.5H2a.5.5 0 0 1-.5-.5V8H0v2a2 2 0 0 0 2 2h2v-1.5ZM8 12v-1.5h2a.5.5 0 0 0 .5-.5V8H12v2a2 2 0 0 1-2 2H8Zm2-12a2 2 0 0 1 2 2v2h-1.5V2a.5.5 0 0 0-.5-.5H8V0h2Z\" \/>\n\t\t\t<\/svg>\n\t\t<\/button><figcaption class=\"wp-element-caption\">\u00c7a donne envie de partir en vacances, n&rsquo;est-ce pas ?<\/figcaption><\/figure>\n\n\n\n<h2 class=\"wp-block-heading has-large-font-size\">Partir en vacances, c&rsquo;est un besoin et non un luxe<\/h2>\n\n\n\n<p>Comment imaginer le lien entre les vacances et la productivit\u00e9 ? Ce sont deux mots qui ne vont pas ensemble, et pourtant ! En effet, travailler trop longtemps sans repos peut diminuer la capacit\u00e9 \u00e0 ex\u00e9cuter certaines t\u00e2ches, diminuer votre concentration et votre m\u00e9moire. Il faut voir les vacances comme un <em>reboot<\/em> de votre cerveau.<\/p>\n\n\n\n<figure data-wp-context=\"{&quot;imageId&quot;:&quot;69f29dc24a3a6&quot;}\" data-wp-interactive=\"core\/image\" data-wp-key=\"69f29dc24a3a6\" class=\"wp-block-image aligncenter size-full has-custom-border wp-lightbox-container\"><img loading=\"lazy\" decoding=\"async\" width=\"800\" height=\"502\" data-wp-class--hide=\"state.isContentHidden\" data-wp-class--show=\"state.isContentVisible\" data-wp-init=\"callbacks.setButtonStyles\" data-wp-on--click=\"actions.showLightbox\" data-wp-on--load=\"callbacks.setButtonStyles\" data-wp-on-window--resize=\"callbacks.setButtonStyles\" src=\"https:\/\/www.innospira.fr\/wp-content\/uploads\/2025\/06\/Courbe_Productivite.webp\" alt=\"Visualiser le lien entre vacances et productivit\u00e9\" class=\"wp-image-1020\" style=\"border-radius:10px\" srcset=\"https:\/\/www.innospira.fr\/wp-content\/uploads\/2025\/06\/Courbe_Productivite.webp 800w, https:\/\/www.innospira.fr\/wp-content\/uploads\/2025\/06\/Courbe_Productivite-300x188.webp 300w, https:\/\/www.innospira.fr\/wp-content\/uploads\/2025\/06\/Courbe_Productivite-768x482.webp 768w\" sizes=\"auto, (max-width: 800px) 100vw, 800px\" \/><button\n\t\t\tclass=\"lightbox-trigger\"\n\t\t\ttype=\"button\"\n\t\t\taria-haspopup=\"dialog\"\n\t\t\taria-label=\"Agrandir\"\n\t\t\tdata-wp-init=\"callbacks.initTriggerButton\"\n\t\t\tdata-wp-on--click=\"actions.showLightbox\"\n\t\t\tdata-wp-style--right=\"state.imageButtonRight\"\n\t\t\tdata-wp-style--top=\"state.imageButtonTop\"\n\t\t>\n\t\t\t<svg xmlns=\"http:\/\/www.w3.org\/2000\/svg\" width=\"12\" height=\"12\" fill=\"none\" viewBox=\"0 0 12 12\">\n\t\t\t\t<path fill=\"#fff\" d=\"M2 0a2 2 0 0 0-2 2v2h1.5V2a.5.5 0 0 1 .5-.5h2V0H2Zm2 10.5H2a.5.5 0 0 1-.5-.5V8H0v2a2 2 0 0 0 2 2h2v-1.5ZM8 12v-1.5h2a.5.5 0 0 0 .5-.5V8H12v2a2 2 0 0 1-2 2H8Zm2-12a2 2 0 0 1 2 2v2h-1.5V2a.5.5 0 0 0-.5-.5H8V0h2Z\" \/>\n\t\t\t<\/svg>\n\t\t<\/button><figcaption class=\"wp-element-caption\">Les vacances (ou du repos) am\u00e9liorent notre productivit\u00e9.<\/figcaption><\/figure>\n\n\n\n<p>Il existe de nombreuses \u00e9tudes qui d\u00e9montrent que le repos am\u00e9liore la productivit\u00e9 et permet de mieux reprendre le travail.<\/p>\n\n\n\n<ul class=\"wp-block-list\">\n<li>Au Japon, <a href=\"https:\/\/www.lefigaro.fr\/societes\/microsoft-teste-la-semaine-de-4-jours-au-japon-20191105\" target=\"_blank\" rel=\"noreferrer noopener\">Microsoft a test\u00e9 la semaine sur 4 jours<\/a> et les collaborateurs ont augment\u00e9 leur productivit\u00e9 de 40%.<\/li>\n\n\n\n<li>Harvard a d\u00e9montr\u00e9 qu&rsquo;<a href=\"https:\/\/hbr.org\/2015\/08\/the-research-is-clear-long-hours-backfire-for-people-and-for-companies\" target=\"_blank\" rel=\"noreferrer noopener\">un travail excessif n&rsquo;apporte aucun gain<\/a>. De plus, travailler trop augmente le risque de faire des erreurs.<\/li>\n<\/ul>\n\n\n\n<p>Pour r\u00e9sumer, le repos permet d&rsquo;\u00eatre performant sur la dur\u00e9e ! Au contraire, le surmenage n&rsquo;apporte rien de bon (travail de faible qualit\u00e9, sant\u00e9 mentale et physique en danger).<\/p>\n\n\n\n<h2 class=\"wp-block-heading has-large-font-size\">Si tu ne peux pas partir, il y a un probl\u00e8me<\/h2>\n\n\n\n<p>Nous connaissons tous quelqu&rsquo;un qui ne s&rsquo;autorise pas \u00e0 prendre des vacances. Pire : si ton activit\u00e9 ne peut pas tourner sans toi, il est urgent d&rsquo;agir. C&rsquo;est l&rsquo;occasion id\u00e9ale pour faire le point sur tes t\u00e2ches : qu&rsquo;est-ce que tu peux automatiser ? Qu&rsquo;est-ce que tu peux d\u00e9l\u00e9guer ?<\/p>\n\n\n\n<h3 class=\"wp-block-heading\">Comment d\u00e9connecter facilement pendant ses vacances<\/h3>\n\n\n\n<p>Je t&rsquo;invite \u00e0 lib\u00e9rer au maximum ta charge mentale et donc \u00e0 noter dans ta <em>To Do List<\/em>, toutes les t\u00e2ches que tu dois faire \u00e0 ton retour. Cela te permettra aussi de voir ce que tu peux d\u00e9l\u00e9guer, ou automatiser. Fais le point sur ce les choses \u00e0 faire imp\u00e9rativement avant tes vacances, et ce qui peut attendre ton retour.<\/p>\n\n\n\n<p>Je t&rsquo;invite \u00e0 lire l&rsquo;article sur <a href=\"https:\/\/www.innospira.fr\/index.php\/2024\/11\/21\/prendre-du-recul-au-travail-methode-simple\/\">la prise de recul au travail<\/a> qui peut t&rsquo;aider \u00e0 d\u00e9connecter durant tes cong\u00e9s \ud83d\ude09.<\/p>\n\n\n\n<h2 class=\"wp-block-heading has-large-font-size\">Les bienfaits prouv\u00e9s des vacances sur la productivit\u00e9<\/h2>\n\n\n\n<p>Les vacances offrent de nombreux bienfaits, quel que soit ton travail. Elles permettent de te reposer, de retrouver tes proches et de pratiquer des activit\u00e9s diff\u00e9rentes de ton quotidien (bricolage, randonn\u00e9e, etc.), faute de temps habituellement. Ton retour au travail en sera d&rsquo;autant plus b\u00e9n\u00e9fique : meilleure motivation et productivit\u00e9 garanties !<\/p>\n\n\n\n<figure data-wp-context=\"{&quot;imageId&quot;:&quot;69f29dc24a8a9&quot;}\" data-wp-interactive=\"core\/image\" data-wp-key=\"69f29dc24a8a9\" class=\"wp-block-image aligncenter size-full has-custom-border wp-lightbox-container\"><img loading=\"lazy\" decoding=\"async\" width=\"768\" height=\"512\" data-wp-class--hide=\"state.isContentHidden\" data-wp-class--show=\"state.isContentVisible\" data-wp-init=\"callbacks.setButtonStyles\" data-wp-on--click=\"actions.showLightbox\" data-wp-on--load=\"callbacks.setButtonStyles\" data-wp-on-window--resize=\"callbacks.setButtonStyles\" src=\"https:\/\/www.innospira.fr\/wp-content\/uploads\/2025\/06\/bienfaits_vacances.webp\" alt=\"Les bienfaits des vacances\" class=\"wp-image-1022\" style=\"border-radius:10px\" srcset=\"https:\/\/www.innospira.fr\/wp-content\/uploads\/2025\/06\/bienfaits_vacances.webp 768w, https:\/\/www.innospira.fr\/wp-content\/uploads\/2025\/06\/bienfaits_vacances-300x200.webp 300w\" sizes=\"auto, (max-width: 768px) 100vw, 768px\" \/><button\n\t\t\tclass=\"lightbox-trigger\"\n\t\t\ttype=\"button\"\n\t\t\taria-haspopup=\"dialog\"\n\t\t\taria-label=\"Agrandir\"\n\t\t\tdata-wp-init=\"callbacks.initTriggerButton\"\n\t\t\tdata-wp-on--click=\"actions.showLightbox\"\n\t\t\tdata-wp-style--right=\"state.imageButtonRight\"\n\t\t\tdata-wp-style--top=\"state.imageButtonTop\"\n\t\t>\n\t\t\t<svg xmlns=\"http:\/\/www.w3.org\/2000\/svg\" width=\"12\" height=\"12\" fill=\"none\" viewBox=\"0 0 12 12\">\n\t\t\t\t<path fill=\"#fff\" d=\"M2 0a2 2 0 0 0-2 2v2h1.5V2a.5.5 0 0 1 .5-.5h2V0H2Zm2 10.5H2a.5.5 0 0 1-.5-.5V8H0v2a2 2 0 0 0 2 2h2v-1.5ZM8 12v-1.5h2a.5.5 0 0 0 .5-.5V8H12v2a2 2 0 0 1-2 2H8Zm2-12a2 2 0 0 1 2 2v2h-1.5V2a.5.5 0 0 0-.5-.5H8V0h2Z\" \/>\n\t\t\t<\/svg>\n\t\t<\/button><figcaption class=\"wp-element-caption\">9 bienfaits des vacances<\/figcaption><\/figure>\n\n\n\n<p>Partir en vacances dans un nouvel endroit facilite la d\u00e9connexion. Personnellement, une semaine \u00e0 Mad\u00e8re m&rsquo;a permis de prendre un recul significatif \ud83d\ude09. Ce type de pause s&rsquo;av\u00e8re particuli\u00e8rement b\u00e9n\u00e9fique pour faire le point sur sa productivit\u00e9.<\/p>\n\n\n\n<h2 class=\"wp-block-heading has-large-font-size\">Le retour de vacances : l&rsquo;occasion id\u00e9ale pour un bilan productivit\u00e9<\/h2>\n\n\n\n<p>Le retour de cong\u00e9s constitue un moment privil\u00e9gi\u00e9 pour effectuer un bilan rapide. O\u00f9 en \u00e9tais-tu avant ton d\u00e9part ? Les priorit\u00e9s d\u00e9finies correspondent-elles toujours \u00e0 tes objectifs actuels ? Pour ce bilan, je te recommande d&rsquo;utiliser <a href=\"https:\/\/www.innospira.fr\/index.php\/2025\/02\/19\/prioriser-ses-taches-matrice-eisenhower\/\">la matrice d&rsquo;Eisenhower<\/a>. Cette p\u00e9riode de retour est parfaite pour :<\/p>\n\n\n\n<div class=\"wp-block-uagb-icon-list uagb-block-724db359\"><div class=\"uagb-icon-list__wrap\">\n<div class=\"wp-block-uagb-icon-list-child uagb-block-efb8ed36\"><span class=\"uagb-icon-list__source-wrap\"><svg xmlns=\"https:\/\/www.w3.org\/2000\/svg\" viewBox=\"0 0 384 512\"><path d=\"M112.1 454.3c0 6.297 1.816 12.44 5.284 17.69l17.14 25.69c5.25 7.875 17.17 14.28 26.64 14.28h61.67c9.438 0 21.36-6.401 26.61-14.28l17.08-25.68c2.938-4.438 5.348-12.37 5.348-17.7L272 415.1h-160L112.1 454.3zM191.4 .0132C89.44 .3257 16 82.97 16 175.1c0 44.38 16.44 84.84 43.56 115.8c16.53 18.84 42.34 58.23 52.22 91.45c.0313 .25 .0938 .5166 .125 .7823h160.2c.0313-.2656 .0938-.5166 .125-.7823c9.875-33.22 35.69-72.61 52.22-91.45C351.6 260.8 368 220.4 368 175.1C368 78.61 288.9-.2837 191.4 .0132zM192 96.01c-44.13 0-80 35.89-80 79.1C112 184.8 104.8 192 96 192S80 184.8 80 176c0-61.76 50.25-111.1 112-111.1c8.844 0 16 7.159 16 16S200.8 96.01 192 96.01z\"><\/path><\/svg><\/span><span class=\"uagb-icon-list__label\">Confronter tes nouvelles id\u00e9es avec tes projets en cours<\/span><\/div>\n\n\n\n<div class=\"wp-block-uagb-icon-list-child uagb-block-c64a60bf\"><span class=\"uagb-icon-list__source-wrap\"><svg xmlns=\"https:\/\/www.w3.org\/2000\/svg\" viewBox=\"0 0 512 512\"><path d=\"M500.3 443.7l-119.7-119.7c27.22-40.41 40.65-90.9 33.46-144.7C401.8 87.79 326.8 13.32 235.2 1.723C99.01-15.51-15.51 99.01 1.724 235.2c11.6 91.64 86.08 166.7 177.6 178.9c53.8 7.189 104.3-6.236 144.7-33.46l119.7 119.7c15.62 15.62 40.95 15.62 56.57 0C515.9 484.7 515.9 459.3 500.3 443.7zM79.1 208c0-70.58 57.42-128 128-128s128 57.42 128 128c0 70.58-57.42 128-128 128S79.1 278.6 79.1 208z\"><\/path><\/svg><\/span><span class=\"uagb-icon-list__label\">Identifier ce qui apporte le plus de valeur ajout\u00e9e \u00e0 ton activit\u00e9<\/span><\/div>\n\n\n\n<div class=\"wp-block-uagb-icon-list-child uagb-block-ba0e2bce\"><span class=\"uagb-icon-list__source-wrap\"><svg xmlns=\"https:\/\/www.w3.org\/2000\/svg\" viewBox=\"0 0 448 512\"><path d=\"M160 32V64H288V32C288 14.33 302.3 0 320 0C337.7 0 352 14.33 352 32V64H400C426.5 64 448 85.49 448 112V160H0V112C0 85.49 21.49 64 48 64H96V32C96 14.33 110.3 0 128 0C145.7 0 160 14.33 160 32zM0 192H448V464C448 490.5 426.5 512 400 512H48C21.49 512 0 490.5 0 464V192zM328.1 304.1C338.3 295.6 338.3 280.4 328.1 271C319.6 261.7 304.4 261.7 295 271L200 366.1L152.1 319C143.6 309.7 128.4 309.7 119 319C109.7 328.4 109.7 343.6 119 352.1L183 416.1C192.4 426.3 207.6 426.3 216.1 416.1L328.1 304.1z\"><\/path><\/svg><\/span><span class=\"uagb-icon-list__label\">Revoir ton organisation<\/span><\/div>\n\n\n\n<div class=\"wp-block-uagb-icon-list-child uagb-block-40e0c9ff\"><span class=\"uagb-icon-list__source-wrap\"><svg xmlns=\"https:\/\/www.w3.org\/2000\/svg\" viewBox=\"0 0 640 512\"><path d=\"M9.375 233.4C3.375 239.4 0 247.5 0 256v128c0 8.5 3.375 16.62 9.375 22.62S23.5 416 32 416h32V224H32C23.5 224 15.38 227.4 9.375 233.4zM464 96H352V32c0-17.62-14.38-32-32-32S288 14.38 288 32v64H176C131.8 96 96 131.8 96 176V448c0 35.38 28.62 64 64 64h320c35.38 0 64-28.62 64-64V176C544 131.8 508.3 96 464 96zM256 416H192v-32h64V416zM224 296C201.9 296 184 278.1 184 256S201.9 216 224 216S264 233.9 264 256S246.1 296 224 296zM352 416H288v-32h64V416zM448 416h-64v-32h64V416zM416 296c-22.12 0-40-17.88-40-40S393.9 216 416 216S456 233.9 456 256S438.1 296 416 296zM630.6 233.4C624.6 227.4 616.5 224 608 224h-32v192h32c8.5 0 16.62-3.375 22.62-9.375S640 392.5 640 384V256C640 247.5 636.6 239.4 630.6 233.4z\"><\/path><\/svg><\/span><span class=\"uagb-icon-list__label\">Automatiser certaines t\u00e2ches<\/span><\/div>\n<\/div><\/div>\n\n\n\n<p>Un exercice rapide, mais essentiel. Ce bilan ne prends que quelques minutes mais s&rsquo;av\u00e8re primordial pour :<\/p>\n\n\n\n<ul class=\"wp-block-list\">\n<li>Se recentrer sur ses objectifs principaux<\/li>\n\n\n\n<li>Retrouver sa concentration optimale<\/li>\n\n\n\n<li>Repartir sur de bonnes bases<\/li>\n<\/ul>\n\n\n\n<p>As-tu pris l&rsquo;habitude de faire ce type de bilan apr\u00e8s tes vacances ? Partage ton exp\u00e9rience en commentaire !<\/p>\n\n\n\n<p><\/p>\n","protected":false},"excerpt":{"rendered":"<p>Et si je te disais que partir en vacances peut am\u00e9liorer ta productivit\u00e9 ? On approche de la p\u00e9riode estivale, [&hellip;]<\/p>\n","protected":false},"author":1,"featured_media":1028,"comment_status":"closed","ping_status":"closed","sticky":false,"template":"","format":"standard","meta":{"_uag_custom_page_level_css":"","site-sidebar-layout":"default","site-content-layout":"","ast-site-content-layout":"default","site-content-style":"default","site-sidebar-style":"default","ast-global-header-display":"","ast-banner-title-visibility":"","ast-main-header-display":"","ast-hfb-above-header-display":"","ast-hfb-below-header-display":"","ast-hfb-mobile-header-display":"","site-post-title":"","ast-breadcrumbs-content":"","ast-featured-img":"","footer-sml-layout":"","ast-disable-related-posts":"","theme-transparent-header-meta":"","adv-header-id-meta":"","stick-header-meta":"","header-above-stick-meta":"","header-main-stick-meta":"","header-below-stick-meta":"","astra-migrate-meta-layouts":"default","ast-page-background-enabled":"default","ast-page-background-meta":{"desktop":{"background-color":"var(--ast-global-color-4)","background-image":"","background-repeat":"repeat","background-position":"center center","background-size":"auto","background-attachment":"scroll","background-type":"","background-media":"","overlay-type":"","overlay-color":"","overlay-opacity":"","overlay-gradient":""},"tablet":{"background-color":"","background-image":"","background-repeat":"repeat","background-position":"center center","background-size":"auto","background-attachment":"scroll","background-type":"","background-media":"","overlay-type":"","overlay-color":"","overlay-opacity":"","overlay-gradient":""},"mobile":{"background-color":"","background-image":"","background-repeat":"repeat","background-position":"center center","background-size":"auto","background-attachment":"scroll","background-type":"","background-media":"","overlay-type":"","overlay-color":"","overlay-opacity":"","overlay-gradient":""}},"ast-content-background-meta":{"desktop":{"background-color":"var(--ast-global-color-5)","background-image":"","background-repeat":"repeat","background-position":"center center","background-size":"auto","background-attachment":"scroll","background-type":"","background-media":"","overlay-type":"","overlay-color":"","overlay-opacity":"","overlay-gradient":""},"tablet":{"background-color":"var(--ast-global-color-5)","background-image":"","background-repeat":"repeat","background-position":"center center","background-size":"auto","background-attachment":"scroll","background-type":"","background-media":"","overlay-type":"","overlay-color":"","overlay-opacity":"","overlay-gradient":""},"mobile":{"background-color":"var(--ast-global-color-5)","background-image":"","background-repeat":"repeat","background-position":"center center","background-size":"auto","background-attachment":"scroll","background-type":"","background-media":"","overlay-type":"","overlay-color":"","overlay-opacity":"","overlay-gradient":""}},"linkedin_posted":true,"linkedin_posted_date":"2025-10-25 23:54:48","footnotes":""},"categories":[27],"tags":[18],"class_list":["post-1015","post","type-post","status-publish","format-standard","has-post-thumbnail","hentry","category-productivite","tag-travail"],"yoast_head":"<!-- This site is optimized with the Yoast SEO plugin v27.5 - https:\/\/yoast.com\/product\/yoast-seo-wordpress\/ -->\n<title>Vacances et productivit\u00e9, partir pour mieux revenir<\/title>\n<meta name=\"description\" content=\"Prendre des vacances booste ta productivit\u00e9. D\u00e9couvre pourquoi d\u00e9crocher vraiment est essentiel, et comment t\u2019y pr\u00e9parer sans stress.\" \/>\n<meta name=\"robots\" content=\"index, follow, max-snippet:-1, max-image-preview:large, max-video-preview:-1\" \/>\n<link rel=\"canonical\" href=\"https:\/\/www.innospira.fr\/index.php\/2025\/06\/18\/vacances-et-productivite-partir-pour-mieux-revenir\/\" \/>\n<meta property=\"og:locale\" content=\"fr_FR\" \/>\n<meta property=\"og:type\" content=\"article\" \/>\n<meta property=\"og:title\" content=\"Vacances et productivit\u00e9, partir pour mieux revenir\" \/>\n<meta property=\"og:description\" content=\"Prendre des vacances booste ta productivit\u00e9. D\u00e9couvre pourquoi d\u00e9crocher vraiment est essentiel, et comment t\u2019y pr\u00e9parer sans stress.\" \/>\n<meta property=\"og:url\" content=\"https:\/\/www.innospira.fr\/index.php\/2025\/06\/18\/vacances-et-productivite-partir-pour-mieux-revenir\/\" \/>\n<meta property=\"og:site_name\" content=\"InnoSpira\" \/>\n<meta property=\"article:published_time\" content=\"2025-06-18T05:05:46+00:00\" \/>\n<meta property=\"article:modified_time\" content=\"2025-06-18T05:05:47+00:00\" \/>\n<meta property=\"og:image\" content=\"https:\/\/www.innospira.fr\/wp-content\/uploads\/2025\/06\/vacances_productivite.webp\" \/>\n\t<meta property=\"og:image:width\" content=\"1280\" \/>\n\t<meta property=\"og:image:height\" content=\"720\" \/>\n\t<meta property=\"og:image:type\" content=\"image\/webp\" \/>\n<meta name=\"author\" content=\"J\u00e9r\u00e9mie\" \/>\n<meta name=\"twitter:card\" content=\"summary_large_image\" \/>\n<meta name=\"twitter:label1\" content=\"\u00c9crit par\" \/>\n\t<meta name=\"twitter:data1\" content=\"J\u00e9r\u00e9mie\" \/>\n\t<meta name=\"twitter:label2\" content=\"Dur\u00e9e de lecture estim\u00e9e\" \/>\n\t<meta name=\"twitter:data2\" content=\"4 minutes\" \/>\n<script type=\"application\/ld+json\" class=\"yoast-schema-graph\">{\"@context\":\"https:\\\/\\\/schema.org\",\"@graph\":[{\"@type\":\"NewsArticle\",\"@id\":\"https:\\\/\\\/www.innospira.fr\\\/index.php\\\/2025\\\/06\\\/18\\\/vacances-et-productivite-partir-pour-mieux-revenir\\\/#article\",\"isPartOf\":{\"@id\":\"https:\\\/\\\/www.innospira.fr\\\/index.php\\\/2025\\\/06\\\/18\\\/vacances-et-productivite-partir-pour-mieux-revenir\\\/\"},\"author\":{\"name\":\"J\u00e9r\u00e9mie\",\"@id\":\"https:\\\/\\\/www.innospira.fr\\\/#\\\/schema\\\/person\\\/9df0acbd7573e147b4ffc81c2fa32662\"},\"headline\":\"Vacances et productivit\u00e9, partir pour mieux revenir\",\"datePublished\":\"2025-06-18T05:05:46+00:00\",\"dateModified\":\"2025-06-18T05:05:47+00:00\",\"mainEntityOfPage\":{\"@id\":\"https:\\\/\\\/www.innospira.fr\\\/index.php\\\/2025\\\/06\\\/18\\\/vacances-et-productivite-partir-pour-mieux-revenir\\\/\"},\"wordCount\":683,\"publisher\":{\"@id\":\"https:\\\/\\\/www.innospira.fr\\\/#organization\"},\"image\":{\"@id\":\"https:\\\/\\\/www.innospira.fr\\\/index.php\\\/2025\\\/06\\\/18\\\/vacances-et-productivite-partir-pour-mieux-revenir\\\/#primaryimage\"},\"thumbnailUrl\":\"https:\\\/\\\/www.innospira.fr\\\/wp-content\\\/uploads\\\/2025\\\/06\\\/vacances_productivite.webp\",\"keywords\":[\"travail\"],\"articleSection\":[\"Productivit\u00e9\"],\"inLanguage\":\"fr-FR\"},{\"@type\":\"WebPage\",\"@id\":\"https:\\\/\\\/www.innospira.fr\\\/index.php\\\/2025\\\/06\\\/18\\\/vacances-et-productivite-partir-pour-mieux-revenir\\\/\",\"url\":\"https:\\\/\\\/www.innospira.fr\\\/index.php\\\/2025\\\/06\\\/18\\\/vacances-et-productivite-partir-pour-mieux-revenir\\\/\",\"name\":\"Vacances et productivit\u00e9, partir pour mieux revenir\",\"isPartOf\":{\"@id\":\"https:\\\/\\\/www.innospira.fr\\\/#website\"},\"primaryImageOfPage\":{\"@id\":\"https:\\\/\\\/www.innospira.fr\\\/index.php\\\/2025\\\/06\\\/18\\\/vacances-et-productivite-partir-pour-mieux-revenir\\\/#primaryimage\"},\"image\":{\"@id\":\"https:\\\/\\\/www.innospira.fr\\\/index.php\\\/2025\\\/06\\\/18\\\/vacances-et-productivite-partir-pour-mieux-revenir\\\/#primaryimage\"},\"thumbnailUrl\":\"https:\\\/\\\/www.innospira.fr\\\/wp-content\\\/uploads\\\/2025\\\/06\\\/vacances_productivite.webp\",\"datePublished\":\"2025-06-18T05:05:46+00:00\",\"dateModified\":\"2025-06-18T05:05:47+00:00\",\"description\":\"Prendre des vacances booste ta productivit\u00e9. D\u00e9couvre pourquoi d\u00e9crocher vraiment est essentiel, et comment t\u2019y pr\u00e9parer sans stress.\",\"breadcrumb\":{\"@id\":\"https:\\\/\\\/www.innospira.fr\\\/index.php\\\/2025\\\/06\\\/18\\\/vacances-et-productivite-partir-pour-mieux-revenir\\\/#breadcrumb\"},\"inLanguage\":\"fr-FR\",\"potentialAction\":[{\"@type\":\"ReadAction\",\"target\":[\"https:\\\/\\\/www.innospira.fr\\\/index.php\\\/2025\\\/06\\\/18\\\/vacances-et-productivite-partir-pour-mieux-revenir\\\/\"]}]},{\"@type\":\"ImageObject\",\"inLanguage\":\"fr-FR\",\"@id\":\"https:\\\/\\\/www.innospira.fr\\\/index.php\\\/2025\\\/06\\\/18\\\/vacances-et-productivite-partir-pour-mieux-revenir\\\/#primaryimage\",\"url\":\"https:\\\/\\\/www.innospira.fr\\\/wp-content\\\/uploads\\\/2025\\\/06\\\/vacances_productivite.webp\",\"contentUrl\":\"https:\\\/\\\/www.innospira.fr\\\/wp-content\\\/uploads\\\/2025\\\/06\\\/vacances_productivite.webp\",\"width\":1280,\"height\":720,\"caption\":\"Vacances et productivit\u00e9\"},{\"@type\":\"BreadcrumbList\",\"@id\":\"https:\\\/\\\/www.innospira.fr\\\/index.php\\\/2025\\\/06\\\/18\\\/vacances-et-productivite-partir-pour-mieux-revenir\\\/#breadcrumb\",\"itemListElement\":[{\"@type\":\"ListItem\",\"position\":1,\"name\":\"Accueil\",\"item\":\"https:\\\/\\\/www.innospira.fr\\\/\"},{\"@type\":\"ListItem\",\"position\":2,\"name\":\"Vacances et productivit\u00e9, partir pour mieux revenir\"}]},{\"@type\":\"WebSite\",\"@id\":\"https:\\\/\\\/www.innospira.fr\\\/#website\",\"url\":\"https:\\\/\\\/www.innospira.fr\\\/\",\"name\":\"InnoSpira\",\"description\":\"D\u00e9veloppez votre activit\u00e9, innovez !\",\"publisher\":{\"@id\":\"https:\\\/\\\/www.innospira.fr\\\/#organization\"},\"potentialAction\":[{\"@type\":\"SearchAction\",\"target\":{\"@type\":\"EntryPoint\",\"urlTemplate\":\"https:\\\/\\\/www.innospira.fr\\\/?s={search_term_string}\"},\"query-input\":{\"@type\":\"PropertyValueSpecification\",\"valueRequired\":true,\"valueName\":\"search_term_string\"}}],\"inLanguage\":\"fr-FR\"},{\"@type\":\"Organization\",\"@id\":\"https:\\\/\\\/www.innospira.fr\\\/#organization\",\"name\":\"InnoSpira\",\"url\":\"https:\\\/\\\/www.innospira.fr\\\/\",\"logo\":{\"@type\":\"ImageObject\",\"inLanguage\":\"fr-FR\",\"@id\":\"https:\\\/\\\/www.innospira.fr\\\/#\\\/schema\\\/logo\\\/image\\\/\",\"url\":\"https:\\\/\\\/www.innospira.fr\\\/wp-content\\\/uploads\\\/2024\\\/10\\\/cropped-innospira_mini.png\",\"contentUrl\":\"https:\\\/\\\/www.innospira.fr\\\/wp-content\\\/uploads\\\/2024\\\/10\\\/cropped-innospira_mini.png\",\"width\":634,\"height\":211,\"caption\":\"InnoSpira\"},\"image\":{\"@id\":\"https:\\\/\\\/www.innospira.fr\\\/#\\\/schema\\\/logo\\\/image\\\/\"},\"sameAs\":[\"https:\\\/\\\/youtube.com\\\/@innospira\",\"https:\\\/\\\/www.tiktok.com\\\/@innospira\"]},{\"@type\":\"Person\",\"@id\":\"https:\\\/\\\/www.innospira.fr\\\/#\\\/schema\\\/person\\\/9df0acbd7573e147b4ffc81c2fa32662\",\"name\":\"J\u00e9r\u00e9mie\",\"image\":{\"@type\":\"ImageObject\",\"inLanguage\":\"fr-FR\",\"@id\":\"https:\\\/\\\/secure.gravatar.com\\\/avatar\\\/79bb7d75560df4f10cfac00fb18946028e219cf4d7f9cd8e684a91135bf7c8cb?s=96&d=mm&r=g\",\"url\":\"https:\\\/\\\/secure.gravatar.com\\\/avatar\\\/79bb7d75560df4f10cfac00fb18946028e219cf4d7f9cd8e684a91135bf7c8cb?s=96&d=mm&r=g\",\"contentUrl\":\"https:\\\/\\\/secure.gravatar.com\\\/avatar\\\/79bb7d75560df4f10cfac00fb18946028e219cf4d7f9cd8e684a91135bf7c8cb?s=96&d=mm&r=g\",\"caption\":\"J\u00e9r\u00e9mie\"},\"sameAs\":[\"http:\\\/\\\/www.innospira.fr\"],\"url\":\"https:\\\/\\\/www.innospira.fr\\\/index.php\\\/author\\\/nazario\\\/\"}]}<\/script>\n<!-- \/ Yoast SEO plugin. -->","yoast_head_json":{"title":"Vacances et productivit\u00e9, partir pour mieux revenir","description":"Prendre des vacances booste ta productivit\u00e9. D\u00e9couvre pourquoi d\u00e9crocher vraiment est essentiel, et comment t\u2019y pr\u00e9parer sans stress.","robots":{"index":"index","follow":"follow","max-snippet":"max-snippet:-1","max-image-preview":"max-image-preview:large","max-video-preview":"max-video-preview:-1"},"canonical":"https:\/\/www.innospira.fr\/index.php\/2025\/06\/18\/vacances-et-productivite-partir-pour-mieux-revenir\/","og_locale":"fr_FR","og_type":"article","og_title":"Vacances et productivit\u00e9, partir pour mieux revenir","og_description":"Prendre des vacances booste ta productivit\u00e9. D\u00e9couvre pourquoi d\u00e9crocher vraiment est essentiel, et comment t\u2019y pr\u00e9parer sans stress.","og_url":"https:\/\/www.innospira.fr\/index.php\/2025\/06\/18\/vacances-et-productivite-partir-pour-mieux-revenir\/","og_site_name":"InnoSpira","article_published_time":"2025-06-18T05:05:46+00:00","article_modified_time":"2025-06-18T05:05:47+00:00","og_image":[{"width":1280,"height":720,"url":"https:\/\/www.innospira.fr\/wp-content\/uploads\/2025\/06\/vacances_productivite.webp","type":"image\/webp"}],"author":"J\u00e9r\u00e9mie","twitter_card":"summary_large_image","twitter_misc":{"\u00c9crit par":"J\u00e9r\u00e9mie","Dur\u00e9e de lecture estim\u00e9e":"4 minutes"},"schema":{"@context":"https:\/\/schema.org","@graph":[{"@type":"NewsArticle","@id":"https:\/\/www.innospira.fr\/index.php\/2025\/06\/18\/vacances-et-productivite-partir-pour-mieux-revenir\/#article","isPartOf":{"@id":"https:\/\/www.innospira.fr\/index.php\/2025\/06\/18\/vacances-et-productivite-partir-pour-mieux-revenir\/"},"author":{"name":"J\u00e9r\u00e9mie","@id":"https:\/\/www.innospira.fr\/#\/schema\/person\/9df0acbd7573e147b4ffc81c2fa32662"},"headline":"Vacances et productivit\u00e9, partir pour mieux revenir","datePublished":"2025-06-18T05:05:46+00:00","dateModified":"2025-06-18T05:05:47+00:00","mainEntityOfPage":{"@id":"https:\/\/www.innospira.fr\/index.php\/2025\/06\/18\/vacances-et-productivite-partir-pour-mieux-revenir\/"},"wordCount":683,"publisher":{"@id":"https:\/\/www.innospira.fr\/#organization"},"image":{"@id":"https:\/\/www.innospira.fr\/index.php\/2025\/06\/18\/vacances-et-productivite-partir-pour-mieux-revenir\/#primaryimage"},"thumbnailUrl":"https:\/\/www.innospira.fr\/wp-content\/uploads\/2025\/06\/vacances_productivite.webp","keywords":["travail"],"articleSection":["Productivit\u00e9"],"inLanguage":"fr-FR"},{"@type":"WebPage","@id":"https:\/\/www.innospira.fr\/index.php\/2025\/06\/18\/vacances-et-productivite-partir-pour-mieux-revenir\/","url":"https:\/\/www.innospira.fr\/index.php\/2025\/06\/18\/vacances-et-productivite-partir-pour-mieux-revenir\/","name":"Vacances et productivit\u00e9, partir pour mieux revenir","isPartOf":{"@id":"https:\/\/www.innospira.fr\/#website"},"primaryImageOfPage":{"@id":"https:\/\/www.innospira.fr\/index.php\/2025\/06\/18\/vacances-et-productivite-partir-pour-mieux-revenir\/#primaryimage"},"image":{"@id":"https:\/\/www.innospira.fr\/index.php\/2025\/06\/18\/vacances-et-productivite-partir-pour-mieux-revenir\/#primaryimage"},"thumbnailUrl":"https:\/\/www.innospira.fr\/wp-content\/uploads\/2025\/06\/vacances_productivite.webp","datePublished":"2025-06-18T05:05:46+00:00","dateModified":"2025-06-18T05:05:47+00:00","description":"Prendre des vacances booste ta productivit\u00e9. D\u00e9couvre pourquoi d\u00e9crocher vraiment est essentiel, et comment t\u2019y pr\u00e9parer sans stress.","breadcrumb":{"@id":"https:\/\/www.innospira.fr\/index.php\/2025\/06\/18\/vacances-et-productivite-partir-pour-mieux-revenir\/#breadcrumb"},"inLanguage":"fr-FR","potentialAction":[{"@type":"ReadAction","target":["https:\/\/www.innospira.fr\/index.php\/2025\/06\/18\/vacances-et-productivite-partir-pour-mieux-revenir\/"]}]},{"@type":"ImageObject","inLanguage":"fr-FR","@id":"https:\/\/www.innospira.fr\/index.php\/2025\/06\/18\/vacances-et-productivite-partir-pour-mieux-revenir\/#primaryimage","url":"https:\/\/www.innospira.fr\/wp-content\/uploads\/2025\/06\/vacances_productivite.webp","contentUrl":"https:\/\/www.innospira.fr\/wp-content\/uploads\/2025\/06\/vacances_productivite.webp","width":1280,"height":720,"caption":"Vacances et productivit\u00e9"},{"@type":"BreadcrumbList","@id":"https:\/\/www.innospira.fr\/index.php\/2025\/06\/18\/vacances-et-productivite-partir-pour-mieux-revenir\/#breadcrumb","itemListElement":[{"@type":"ListItem","position":1,"name":"Accueil","item":"https:\/\/www.innospira.fr\/"},{"@type":"ListItem","position":2,"name":"Vacances et productivit\u00e9, partir pour mieux revenir"}]},{"@type":"WebSite","@id":"https:\/\/www.innospira.fr\/#website","url":"https:\/\/www.innospira.fr\/","name":"InnoSpira","description":"D\u00e9veloppez votre activit\u00e9, innovez !","publisher":{"@id":"https:\/\/www.innospira.fr\/#organization"},"potentialAction":[{"@type":"SearchAction","target":{"@type":"EntryPoint","urlTemplate":"https:\/\/www.innospira.fr\/?s={search_term_string}"},"query-input":{"@type":"PropertyValueSpecification","valueRequired":true,"valueName":"search_term_string"}}],"inLanguage":"fr-FR"},{"@type":"Organization","@id":"https:\/\/www.innospira.fr\/#organization","name":"InnoSpira","url":"https:\/\/www.innospira.fr\/","logo":{"@type":"ImageObject","inLanguage":"fr-FR","@id":"https:\/\/www.innospira.fr\/#\/schema\/logo\/image\/","url":"https:\/\/www.innospira.fr\/wp-content\/uploads\/2024\/10\/cropped-innospira_mini.png","contentUrl":"https:\/\/www.innospira.fr\/wp-content\/uploads\/2024\/10\/cropped-innospira_mini.png","width":634,"height":211,"caption":"InnoSpira"},"image":{"@id":"https:\/\/www.innospira.fr\/#\/schema\/logo\/image\/"},"sameAs":["https:\/\/youtube.com\/@innospira","https:\/\/www.tiktok.com\/@innospira"]},{"@type":"Person","@id":"https:\/\/www.innospira.fr\/#\/schema\/person\/9df0acbd7573e147b4ffc81c2fa32662","name":"J\u00e9r\u00e9mie","image":{"@type":"ImageObject","inLanguage":"fr-FR","@id":"https:\/\/secure.gravatar.com\/avatar\/79bb7d75560df4f10cfac00fb18946028e219cf4d7f9cd8e684a91135bf7c8cb?s=96&d=mm&r=g","url":"https:\/\/secure.gravatar.com\/avatar\/79bb7d75560df4f10cfac00fb18946028e219cf4d7f9cd8e684a91135bf7c8cb?s=96&d=mm&r=g","contentUrl":"https:\/\/secure.gravatar.com\/avatar\/79bb7d75560df4f10cfac00fb18946028e219cf4d7f9cd8e684a91135bf7c8cb?s=96&d=mm&r=g","caption":"J\u00e9r\u00e9mie"},"sameAs":["http:\/\/www.innospira.fr"],"url":"https:\/\/www.innospira.fr\/index.php\/author\/nazario\/"}]}},"uagb_featured_image_src":{"full":["https:\/\/www.innospira.fr\/wp-content\/uploads\/2025\/06\/vacances_productivite.webp",1280,720,false],"thumbnail":["https:\/\/www.innospira.fr\/wp-content\/uploads\/2025\/06\/vacances_productivite-150x150.webp",150,150,true],"medium":["https:\/\/www.innospira.fr\/wp-content\/uploads\/2025\/06\/vacances_productivite-300x169.webp",300,169,true],"medium_large":["https:\/\/www.innospira.fr\/wp-content\/uploads\/2025\/06\/vacances_productivite-768x432.webp",768,432,true],"large":["https:\/\/www.innospira.fr\/wp-content\/uploads\/2025\/06\/vacances_productivite-1024x576.webp",1024,576,true],"1536x1536":["https:\/\/www.innospira.fr\/wp-content\/uploads\/2025\/06\/vacances_productivite.webp",1280,720,false],"2048x2048":["https:\/\/www.innospira.fr\/wp-content\/uploads\/2025\/06\/vacances_productivite.webp",1280,720,false],"mailpoet_newsletter_max":["https:\/\/www.innospira.fr\/wp-content\/uploads\/2025\/06\/vacances_productivite.webp",1280,720,false]},"uagb_author_info":{"display_name":"J\u00e9r\u00e9mie","author_link":"https:\/\/www.innospira.fr\/index.php\/author\/nazario\/"},"uagb_comment_info":0,"uagb_excerpt":"Et si je te disais que partir en vacances peut am\u00e9liorer ta productivit\u00e9 ? On approche de la p\u00e9riode estivale, [&hellip;]","_links":{"self":[{"href":"https:\/\/www.innospira.fr\/index.php\/wp-json\/wp\/v2\/posts\/1015","targetHints":{"allow":["GET"]}}],"collection":[{"href":"https:\/\/www.innospira.fr\/index.php\/wp-json\/wp\/v2\/posts"}],"about":[{"href":"https:\/\/www.innospira.fr\/index.php\/wp-json\/wp\/v2\/types\/post"}],"author":[{"embeddable":true,"href":"https:\/\/www.innospira.fr\/index.php\/wp-json\/wp\/v2\/users\/1"}],"replies":[{"embeddable":true,"href":"https:\/\/www.innospira.fr\/index.php\/wp-json\/wp\/v2\/comments?post=1015"}],"version-history":[{"count":3,"href":"https:\/\/www.innospira.fr\/index.php\/wp-json\/wp\/v2\/posts\/1015\/revisions"}],"predecessor-version":[{"id":1029,"href":"https:\/\/www.innospira.fr\/index.php\/wp-json\/wp\/v2\/posts\/1015\/revisions\/1029"}],"wp:featuredmedia":[{"embeddable":true,"href":"https:\/\/www.innospira.fr\/index.php\/wp-json\/wp\/v2\/media\/1028"}],"wp:attachment":[{"href":"https:\/\/www.innospira.fr\/index.php\/wp-json\/wp\/v2\/media?parent=1015"}],"wp:term":[{"taxonomy":"category","embeddable":true,"href":"https:\/\/www.innospira.fr\/index.php\/wp-json\/wp\/v2\/categories?post=1015"},{"taxonomy":"post_tag","embeddable":true,"href":"https:\/\/www.innospira.fr\/index.php\/wp-json\/wp\/v2\/tags?post=1015"}],"curies":[{"name":"wp","href":"https:\/\/api.w.org\/{rel}","templated":true}]}}